{"id":2003,"date":"2025-07-06T17:26:24","date_gmt":"2025-07-06T17:26:24","guid":{"rendered":"https:\/\/bashkimi.ch\/?p=2003"},"modified":"2025-07-14T16:34:45","modified_gmt":"2025-07-14T16:34:45","slug":"aktiviteti","status":"publish","type":"post","link":"https:\/\/bashkimi.ch\/de\/aktiviteti\/","title":{"rendered":"Ensemble Herd feierte Ihr 30-j\u00e4hriges Jubil\u00e4um"},"content":{"rendered":"<div class=\"wpb-content-wrapper\"><div class=\"vc_row wpb_row vc_row-fluid\"><div class=\"wpb_column vc_column_container vc_col-sm-12\"><div class=\"vc_column-inner\"><div class=\"wpb_wrapper\">\n\t<div class=\"wpb_text_column wpb_content_element\" >\n\t\t<div class=\"wpb_wrapper\">\n\t\t\t<div class=\"xdj266r x14z9mp xat24cr x1lziwak x1vvkbs x126k92a\">\n<div dir=\"auto\"><strong>E shtun\u00eb, 14.06.2025<\/strong><\/div>\n<\/div>\n<div class=\"x14z9mp xat24cr x1lziwak x1vvkbs xtlvy1s x126k92a\">\n<div dir=\"auto\">N\u00eb nj\u00eb atmosfer\u00eb festive dhe p\u00ebrplot emocion, me shum\u00eb nder dhe k\u00ebnaq\u00ebsi, mor\u00ebm pjes\u00eb n\u00eb manifestimin e 30-vjetorit t\u00eb Ansamblit \u201cVatra\u201d n\u00eb B\u00fclach, me ftes\u00eb t\u00eb posa\u00e7me nga ky ansamb\u00ebl i shquar.<\/div>\n<\/div>\n<div class=\"x14z9mp xat24cr x1lziwak x1vvkbs xtlvy1s x126k92a\">\n<div dir=\"auto\">Valltar\u00ebt e Ansamblit \u201cVatra\u201d shk\u00eblqyen me nj\u00eb repertor t\u00eb pasur e mbres\u00ebl\u00ebn\u00ebs. Disa nga vallet ishin krijuar enkas p\u00ebr k\u00ebt\u00eb ngjarje madh\u00ebshtore nga koreografi i njohur, z. Xhemali Berisha, duke d\u00ebshmuar edhe nj\u00eb her\u00eb nivelin e lart\u00eb artistik t\u00eb k\u00ebtij ansambli.<\/div>\n<\/div>\n<div class=\"x14z9mp xat24cr x1lziwak x1vvkbs xtlvy1s x126k92a\">\n<div dir=\"auto\">Nj\u00eb fal\u00ebnderim i ve\u00e7ant\u00eb shkon p\u00ebr Kryesin\u00eb e Ansamblit \u201cVatra\u201d, e cila u kujdes t\u00eb nderoj\u00eb t\u00eb gjith\u00eb bashk\u00ebpun\u00ebtor\u00ebt me mir\u00ebnjohje simbolike, p\u00ebrfshir\u00eb edhe Shoqat\u00ebn \u201cBashkimi\u201d, q\u00eb pati nderin t\u00eb pranoj\u00eb nj\u00eb mir\u00ebnjohje n\u00eb shenj\u00eb t\u00eb bashk\u00ebpunimit dhe respektit t\u00eb nd\u00ebrsjell\u00eb.<\/div>\n<\/div>\n<div class=\"x14z9mp xat24cr x1lziwak x1vvkbs xtlvy1s x126k92a\">\n<div dir=\"auto\">Urime t\u00eb p\u00ebrzem\u00ebrta p\u00ebr Kryetarin z. Lulzim Krasniqi, p\u00ebr drejtuesit, an\u00ebtar\u00ebt e Kryesis\u00eb, valltar\u00ebt dhe t\u00eb gjith\u00eb ata q\u00eb kontribuojn\u00eb p\u00ebr ruajtjen dhe promovimin e vlerave tona kulturore!<\/div>\n<\/div>\n<div class=\"x14z9mp xat24cr x1lziwak x1vvkbs xtlvy1s x126k92a\">\n<div dir=\"auto\">Urojm\u00eb q\u00eb suksesi i Ansamblit \u201cVatra\u201d t\u00eb vazhdoj\u00eb edhe p\u00ebr shum\u00eb vite t\u00eb tjera me po t\u00eb nj\u00ebjt\u00ebn p\u00ebrkushtim e pasion!<\/div>\n<\/div>\n\n\t\t<\/div>\n\t<\/div>\n<\/div><\/div><\/div><\/div><div class=\"vc_row wpb_row vc_row-fluid\"><div class=\"wpb_column vc_column_container vc_col-sm-12\"><div class=\"vc_column-inner\"><div class=\"wpb_wrapper\"><div id=\"cz_26605\" class=\"cz_grid_p cz_26605\"><div class=\"cz_grid cz_grid_1 clr cz_grid_c4 cz_grid_1_no_title cz_grid_1_mid tac cz_grid_1_no_title\"><div class=\"cz_grid_item cz_grid_first\"><\/div><div class=\"cz_grid_item\"><div data-title=\"508353420_1118527590084651_4079560634298688381_n\"><a class=\"cz_grid_link\" href=\"https:\/\/bashkimi.ch\/wp-content\/uploads\/2025\/07\/508353420_1118527590084651_4079560634298688381_n.jpg\" data-xtra-lightbox><img decoding=\"async\" width=\"600\" height=\"600\" src=\"https:\/\/bashkimi.ch\/wp-content\/uploads\/2025\/07\/508353420_1118527590084651_4079560634298688381_n-600x600.jpg\" class=\"attachment-codevz_600_600\" alt=\"508353420 1118527590084651 4079560634298688381 n\" title=\"508353420_1118527590084651_4079560634298688381_n\" srcset=\"https:\/\/bashkimi.ch\/wp-content\/uploads\/2025\/07\/508353420_1118527590084651_4079560634298688381_n-600x600.jpg 600w, https:\/\/bashkimi.ch\/wp-content\/uploads\/2025\/07\/508353420_1118527590084651_4079560634298688381_n-150x150.jpg 150w\" sizes=\"auto, (max-width: 600px) 100vw, 600px\" loading=\"lazy\" \/><div class=\"cz_grid_details\"><i class=\"fa fa-search cz_grid_icon\"><\/i><\/div><\/a><\/div><\/div><div class=\"cz_grid_item\"><div data-title=\"509425596_1118527676751309_4165517697013833855_n\"><a class=\"cz_grid_link\" href=\"https:\/\/bashkimi.ch\/wp-content\/uploads\/2025\/07\/509425596_1118527676751309_4165517697013833855_n.jpg\" data-xtra-lightbox><img decoding=\"async\" width=\"600\" height=\"600\" src=\"https:\/\/bashkimi.ch\/wp-content\/uploads\/2025\/07\/509425596_1118527676751309_4165517697013833855_n-600x600.jpg\" class=\"attachment-codevz_600_600\" alt=\"509425596 1118527676751309 4165517697013833855 n\" title=\"509425596_1118527676751309_4165517697013833855_n\" srcset=\"https:\/\/bashkimi.ch\/wp-content\/uploads\/2025\/07\/509425596_1118527676751309_4165517697013833855_n-600x600.jpg 600w, https:\/\/bashkimi.ch\/wp-content\/uploads\/2025\/07\/509425596_1118527676751309_4165517697013833855_n-150x150.jpg 150w\" sizes=\"auto, (max-width: 600px) 100vw, 600px\" loading=\"lazy\" \/><div class=\"cz_grid_details\"><i class=\"fa fa-search cz_grid_icon\"><\/i><\/div><\/a><\/div><\/div><div class=\"cz_grid_item\"><div data-title=\"508698953_1118527890084621_721399358359479457_n\"><a class=\"cz_grid_link\" href=\"https:\/\/bashkimi.ch\/wp-content\/uploads\/2025\/07\/508698953_1118527890084621_721399358359479457_n.jpg\" data-xtra-lightbox><img decoding=\"async\" width=\"600\" height=\"600\" src=\"https:\/\/bashkimi.ch\/wp-content\/uploads\/2025\/07\/508698953_1118527890084621_721399358359479457_n-600x600.jpg\" class=\"attachment-codevz_600_600\" alt=\"508698953 1118527890084621 721399358359479457 n\" title=\"508698953_1118527890084621_721399358359479457_n\" srcset=\"https:\/\/bashkimi.ch\/wp-content\/uploads\/2025\/07\/508698953_1118527890084621_721399358359479457_n-600x600.jpg 600w, https:\/\/bashkimi.ch\/wp-content\/uploads\/2025\/07\/508698953_1118527890084621_721399358359479457_n-150x150.jpg 150w, https:\/\/bashkimi.ch\/wp-content\/uploads\/2025\/07\/508698953_1118527890084621_721399358359479457_n-11x12.jpg 11w\" sizes=\"auto, (max-width: 600px) 100vw, 600px\" loading=\"lazy\" \/><div class=\"cz_grid_details\"><i class=\"fa fa-search cz_grid_icon\"><\/i><\/div><\/a><\/div><\/div><div class=\"cz_grid_item\"><div data-title=\"508858676_1119811819956228_2786941982495919658_n\"><a class=\"cz_grid_link\" href=\"https:\/\/bashkimi.ch\/wp-content\/uploads\/2025\/07\/508858676_1119811819956228_2786941982495919658_n.jpg\" data-xtra-lightbox><img decoding=\"async\" width=\"600\" height=\"600\" src=\"https:\/\/bashkimi.ch\/wp-content\/uploads\/2025\/07\/508858676_1119811819956228_2786941982495919658_n-600x600.jpg\" class=\"attachment-codevz_600_600\" alt=\"508858676 1119811819956228 2786941982495919658 n\" title=\"508858676_1119811819956228_2786941982495919658_n\" srcset=\"https:\/\/bashkimi.ch\/wp-content\/uploads\/2025\/07\/508858676_1119811819956228_2786941982495919658_n-600x600.jpg 600w, https:\/\/bashkimi.ch\/wp-content\/uploads\/2025\/07\/508858676_1119811819956228_2786941982495919658_n-150x150.jpg 150w\" sizes=\"auto, (max-width: 600px) 100vw, 600px\" loading=\"lazy\" \/><div class=\"cz_grid_details\"><i class=\"fa fa-search cz_grid_icon\"><\/i><\/div><\/a><\/div><\/div><div class=\"cz_grid_item\"><div data-title=\"509431659_1119811889956221_6405599131091780421_n\"><a class=\"cz_grid_link\" href=\"https:\/\/bashkimi.ch\/wp-content\/uploads\/2025\/07\/509431659_1119811889956221_6405599131091780421_n.jpg\" data-xtra-lightbox><img decoding=\"async\" width=\"600\" height=\"600\" src=\"https:\/\/bashkimi.ch\/wp-content\/uploads\/2025\/07\/509431659_1119811889956221_6405599131091780421_n-600x600.jpg\" class=\"attachment-codevz_600_600\" alt=\"509431659 1119811889956221 6405599131091780421 n\" title=\"509431659_1119811889956221_6405599131091780421_n\" srcset=\"https:\/\/bashkimi.ch\/wp-content\/uploads\/2025\/07\/509431659_1119811889956221_6405599131091780421_n-600x600.jpg 600w, https:\/\/bashkimi.ch\/wp-content\/uploads\/2025\/07\/509431659_1119811889956221_6405599131091780421_n-150x150.jpg 150w\" sizes=\"auto, (max-width: 600px) 100vw, 600px\" loading=\"lazy\" \/><div class=\"cz_grid_details\"><i class=\"fa fa-search cz_grid_icon\"><\/i><\/div><\/a><\/div><\/div><\/div><\/div><\/div><\/div><\/div><\/div>\n<\/div>","protected":false},"excerpt":{"rendered":"E shtun\u00eb, 14.06.2025 N\u00eb nj\u00eb atmosfer\u00eb festive dhe p\u00ebrplot emocion, me shum\u00eb nder dhe k\u00ebnaq\u00ebsi, mor\u00ebm pjes\u00eb n\u00eb manifestimin e 30-vjetorit t\u00eb Ansamblit \u201cVatra\u201d n\u00eb","protected":false},"author":1,"featured_media":2020,"comment_status":"closed","ping_status":"closed","sticky":false,"template":"","format":"standard","meta":{"footnotes":""},"categories":[76],"tags":[],"class_list":["post-2003","post","type-post","status-publish","format-standard","has-post-thumbnail","hentry","category-aktivitetet"],"_links":{"self":[{"href":"https:\/\/bashkimi.ch\/de\/wp-json\/wp\/v2\/posts\/2003","targetHints":{"allow":["GET"]}}],"collection":[{"href":"https:\/\/bashkimi.ch\/de\/wp-json\/wp\/v2\/posts"}],"about":[{"href":"https:\/\/bashkimi.ch\/de\/wp-json\/wp\/v2\/types\/post"}],"author":[{"embeddable":true,"href":"https:\/\/bashkimi.ch\/de\/wp-json\/wp\/v2\/users\/1"}],"replies":[{"embeddable":true,"href":"https:\/\/bashkimi.ch\/de\/wp-json\/wp\/v2\/comments?post=2003"}],"version-history":[{"count":5,"href":"https:\/\/bashkimi.ch\/de\/wp-json\/wp\/v2\/posts\/2003\/revisions"}],"predecessor-version":[{"id":2027,"href":"https:\/\/bashkimi.ch\/de\/wp-json\/wp\/v2\/posts\/2003\/revisions\/2027"}],"wp:featuredmedia":[{"embeddable":true,"href":"https:\/\/bashkimi.ch\/de\/wp-json\/wp\/v2\/media\/2020"}],"wp:attachment":[{"href":"https:\/\/bashkimi.ch\/de\/wp-json\/wp\/v2\/media?parent=2003"}],"wp:term":[{"taxonomy":"category","embeddable":true,"href":"https:\/\/bashkimi.ch\/de\/wp-json\/wp\/v2\/categories?post=2003"},{"taxonomy":"post_tag","embeddable":true,"href":"https:\/\/bashkimi.ch\/de\/wp-json\/wp\/v2\/tags?post=2003"}],"curies":[{"name":"wp","href":"https:\/\/api.w.org\/{rel}","templated":true}]}}