{"id":2833,"date":"2025-07-26T23:46:45","date_gmt":"2025-07-26T23:46:45","guid":{"rendered":"https:\/\/bashkimi.ch\/?p=2833"},"modified":"2025-10-28T23:49:19","modified_gmt":"2025-10-28T23:49:19","slug":"vizite-te-teatri-i-qytetit-gjilan","status":"publish","type":"post","link":"https:\/\/bashkimi.ch\/de\/vizite-te-teatri-i-qytetit-gjilan\/","title":{"rendered":"Vizit\u00eb te Teatri i Qytetit Gjilan"},"content":{"rendered":"<div class=\"wpb-content-wrapper\"><div class=\"vc_row wpb_row vc_row-fluid\"><div class=\"wpb_column vc_column_container vc_col-sm-12\"><div class=\"vc_column-inner\"><div class=\"wpb_wrapper\">\n\t<div class=\"wpb_text_column wpb_content_element\" >\n\t\t<div class=\"wpb_wrapper\">\n\t\t\t<p><span style=\"font-family: Arial;\">E shtun\u00eb, 26. Korrik 2025<\/span><\/p>\n<p><span style=\"font-family: Arial;\">Sot pat\u00ebm k\u00ebnaq\u00ebsin\u00eb t\u00eb vizitojm\u00eb Ansamblin Gjilani n\u00eb ambientet e tyre n\u00eb Gjilan. U prit\u00ebm me shum\u00eb ngroht\u00ebsi dhe respekt, dhe pat\u00ebm mund\u00ebsin\u00eb t\u00eb shk\u00ebmbejm\u00eb mendime p\u00ebr angazhimet tona, si dhe p\u00ebr bashk\u00ebpunime t\u00eb mundshme n\u00eb t\u00eb ardhmen.<\/span><\/p>\n<p><span style=\"font-family: Arial;\">I fal\u00ebnderojm\u00eb nga zemra p\u00ebr mikpritjen e p\u00ebrzem\u00ebrt dhe atmosfer\u00ebn pozitive. Ishte nj\u00eb takim frytdh\u00ebn\u00ebs dhe inspirues.<\/span><\/p>\n\n\t\t<\/div>\n\t<\/div>\n<\/div><\/div><\/div><\/div><div class=\"vc_row wpb_row vc_row-fluid\"><div class=\"wpb_column vc_column_container vc_col-sm-12\"><div class=\"vc_column-inner\"><div class=\"wpb_wrapper\"><div id=\"cz_31073\" class=\"cz_grid_p cz_31073\"><div class=\"cz_grid cz_grid_1 clr cz_grid_c4 cz_grid_1_no_title cz_grid_1_mid tac\"><div class=\"cz_grid_item cz_grid_first\"><\/div><div class=\"cz_grid_item\"><div data-title=\"Teatri_Gjilan_1\"><a class=\"cz_grid_link\" href=\"https:\/\/bashkimi.ch\/wp-content\/uploads\/2025\/10\/Teatri_Gjilan_1.jpg\" data-xtra-lightbox><img decoding=\"async\" width=\"600\" height=\"600\" src=\"https:\/\/bashkimi.ch\/wp-content\/uploads\/2025\/10\/Teatri_Gjilan_1-600x600.jpg\" class=\"attachment-codevz_600_600\" alt=\"Teatri Gjilan 1\" title=\"Teatri_Gjilan_1\" srcset=\"https:\/\/bashkimi.ch\/wp-content\/uploads\/2025\/10\/Teatri_Gjilan_1-600x600.jpg 600w, https:\/\/bashkimi.ch\/wp-content\/uploads\/2025\/10\/Teatri_Gjilan_1-150x150.jpg 150w\" sizes=\"auto, (max-width: 600px) 100vw, 600px\" loading=\"lazy\" \/><div class=\"cz_grid_details\"><i class=\"fa fa-search cz_grid_icon\"><\/i><\/div><\/a><\/div><\/div><div class=\"cz_grid_item\"><div data-title=\"Teatri_Gjilan_2\"><a class=\"cz_grid_link\" href=\"https:\/\/bashkimi.ch\/wp-content\/uploads\/2025\/10\/Teatri_Gjilan_2.jpg\" data-xtra-lightbox><img decoding=\"async\" width=\"600\" height=\"600\" src=\"https:\/\/bashkimi.ch\/wp-content\/uploads\/2025\/10\/Teatri_Gjilan_2-600x600.jpg\" class=\"attachment-codevz_600_600\" alt=\"Teatri Gjilan 2\" title=\"Teatri_Gjilan_2\" srcset=\"https:\/\/bashkimi.ch\/wp-content\/uploads\/2025\/10\/Teatri_Gjilan_2-600x600.jpg 600w, https:\/\/bashkimi.ch\/wp-content\/uploads\/2025\/10\/Teatri_Gjilan_2-150x150.jpg 150w\" sizes=\"auto, (max-width: 600px) 100vw, 600px\" loading=\"lazy\" \/><div class=\"cz_grid_details\"><i class=\"fa fa-search cz_grid_icon\"><\/i><\/div><\/a><\/div><\/div><div class=\"cz_grid_item\"><div data-title=\"Teatri_Gjilan_3\"><a class=\"cz_grid_link\" href=\"https:\/\/bashkimi.ch\/wp-content\/uploads\/2025\/10\/Teatri_Gjilan_3.jpg\" data-xtra-lightbox><img decoding=\"async\" width=\"600\" height=\"600\" src=\"https:\/\/bashkimi.ch\/wp-content\/uploads\/2025\/10\/Teatri_Gjilan_3-600x600.jpg\" class=\"attachment-codevz_600_600\" alt=\"Teatri Gjilan 3\" title=\"Teatri_Gjilan_3\" srcset=\"https:\/\/bashkimi.ch\/wp-content\/uploads\/2025\/10\/Teatri_Gjilan_3-600x600.jpg 600w, https:\/\/bashkimi.ch\/wp-content\/uploads\/2025\/10\/Teatri_Gjilan_3-150x150.jpg 150w\" sizes=\"auto, (max-width: 600px) 100vw, 600px\" loading=\"lazy\" \/><div class=\"cz_grid_details\"><i class=\"fa fa-search cz_grid_icon\"><\/i><\/div><\/a><\/div><\/div><div class=\"cz_grid_item\"><div data-title=\"Teatri_Gjilan_4\"><a class=\"cz_grid_link\" href=\"https:\/\/bashkimi.ch\/wp-content\/uploads\/2025\/10\/Teatri_Gjilan_4.jpg\" data-xtra-lightbox><img decoding=\"async\" width=\"600\" height=\"600\" src=\"https:\/\/bashkimi.ch\/wp-content\/uploads\/2025\/10\/Teatri_Gjilan_4-600x600.jpg\" class=\"attachment-codevz_600_600\" alt=\"Teatri Gjilan 4\" title=\"Teatri_Gjilan_4\" srcset=\"https:\/\/bashkimi.ch\/wp-content\/uploads\/2025\/10\/Teatri_Gjilan_4-600x600.jpg 600w, https:\/\/bashkimi.ch\/wp-content\/uploads\/2025\/10\/Teatri_Gjilan_4-150x150.jpg 150w\" sizes=\"auto, (max-width: 600px) 100vw, 600px\" loading=\"lazy\" \/><div class=\"cz_grid_details\"><i class=\"fa fa-search cz_grid_icon\"><\/i><\/div><\/a><\/div><\/div><\/div><\/div><\/div><\/div><\/div><\/div>\n<\/div>","protected":false},"excerpt":{"rendered":"E shtun\u00eb, 26. Korrik 2025 Sot pat\u00ebm k\u00ebnaq\u00ebsin\u00eb t\u00eb vizitojm\u00eb Ansamblin Gjilani n\u00eb ambientet e tyre n\u00eb Gjilan. U prit\u00ebm me shum\u00eb ngroht\u00ebsi dhe respekt,","protected":false},"author":1,"featured_media":2840,"comment_status":"open","ping_status":"closed","sticky":false,"template":"","format":"standard","meta":{"footnotes":""},"categories":[76],"tags":[],"class_list":["post-2833","post","type-post","status-publish","format-standard","has-post-thumbnail","hentry","category-aktivitetet"],"_links":{"self":[{"href":"https:\/\/bashkimi.ch\/de\/wp-json\/wp\/v2\/posts\/2833","targetHints":{"allow":["GET"]}}],"collection":[{"href":"https:\/\/bashkimi.ch\/de\/wp-json\/wp\/v2\/posts"}],"about":[{"href":"https:\/\/bashkimi.ch\/de\/wp-json\/wp\/v2\/types\/post"}],"author":[{"embeddable":true,"href":"https:\/\/bashkimi.ch\/de\/wp-json\/wp\/v2\/users\/1"}],"replies":[{"embeddable":true,"href":"https:\/\/bashkimi.ch\/de\/wp-json\/wp\/v2\/comments?post=2833"}],"version-history":[{"count":1,"href":"https:\/\/bashkimi.ch\/de\/wp-json\/wp\/v2\/posts\/2833\/revisions"}],"predecessor-version":[{"id":2839,"href":"https:\/\/bashkimi.ch\/de\/wp-json\/wp\/v2\/posts\/2833\/revisions\/2839"}],"wp:featuredmedia":[{"embeddable":true,"href":"https:\/\/bashkimi.ch\/de\/wp-json\/wp\/v2\/media\/2840"}],"wp:attachment":[{"href":"https:\/\/bashkimi.ch\/de\/wp-json\/wp\/v2\/media?parent=2833"}],"wp:term":[{"taxonomy":"category","embeddable":true,"href":"https:\/\/bashkimi.ch\/de\/wp-json\/wp\/v2\/categories?post=2833"},{"taxonomy":"post_tag","embeddable":true,"href":"https:\/\/bashkimi.ch\/de\/wp-json\/wp\/v2\/tags?post=2833"}],"curies":[{"name":"wp","href":"https:\/\/api.w.org\/{rel}","templated":true}]}}