{"id":3941,"date":"2026-04-27T07:34:56","date_gmt":"2026-04-27T07:34:56","guid":{"rendered":"https:\/\/bashkimi.ch\/?p=3941"},"modified":"2026-04-28T08:00:10","modified_gmt":"2026-04-28T08:00:10","slug":"deshmia-qe-nuk-duhet-te-harrohet","status":"publish","type":"post","link":"https:\/\/bashkimi.ch\/de\/deshmia-qe-nuk-duhet-te-harrohet\/","title":{"rendered":"Beweis, der nicht vergessen werden darf"},"content":{"rendered":"<div class=\"wpb-content-wrapper\"><div class=\"vc_row wpb_row vc_row-fluid\"><div class=\"wpb_column vc_column_container vc_col-sm-12\"><div class=\"vc_column-inner\"><div class=\"wpb_wrapper\">\n\t<div class=\"wpb_text_column wpb_content_element\" >\n\t\t<div class=\"wpb_wrapper\">\n\t\t\t<p><strong>Beweis, der nicht vergessen werden darf: Buch von Dr. Salih Krasniqi in Z\u00fcrich vorgestellt<\/strong><\/p>\n<p><strong>Z\u00fcrich, 27 prill 2026<\/strong><\/p>\n<p class=\"translation-block\">In der Konsulat der Republik Kosovo in Z\u00fcrich wurde das Buch von Dr. Salih Krasniqi vorgestellt, ein bedeutendes dokumentarisches Werk \u00fcber die w\u00e4hrend des Kosovo-Krieges begangenen Verbrechen.\n\nW\u00e4hrend der Veranstaltung hatten die Anwesenden die M\u00f6glichkeit, die pers\u00f6nlichen Berichte des Autors zu h\u00f6ren, der als Chirurg am Universit\u00e4tsklinikum Pristina sowie im Einsatzgebiet Verwundete unter \u00e4u\u00dferst schwierigen Bedingungen behandelte. Unter der Woche arbeitete er in der Klinik, w\u00e4hrend er an den Wochenenden in Kriegsgebieten operierte und so zum direkten Zeugen von Gewalt und T\u00f6tungen an albanischen Patienten wurde.\n\nEiner der ersch\u00fctterndsten Momente der Veranstaltung war die Anwesenheit eines der Protagonisten des Buches, Naim Qufaj. Er war erst 17 Jahre alt, als Dr. Krasniqi ihn im Krankenhaus von Pristina an einen Heizk\u00f6rper gefesselt vorfand. In seiner Krankenakte war \u201eBeruf: Terrorist\u201c vermerkt \u2013 ein klares Zeugnis der Entmenschlichung und unmenschlichen Behandlung von Patienten in jener Zeit.\n\nDas Buch, das in zwei B\u00e4nden erschienen ist und das Ergebnis von \u00fcber 20 Jahren Arbeit darstellt, umfasst mehr als 1000 Seiten mit Dokumenten und konkreten Zeugenaussagen aus dem Zeitraum von Mai 1998 bis Juni 1999. Durch dieses Material bietet der Autor einen detaillierten und dokumentierten Einblick in die Ereignisse, die sich w\u00e4hrend des Krieges in Gesundheitseinrichtungen abgespielt haben.<\/p>\n<p>Die Veranstaltung wurde vom Konsulat des Kosovo in Z\u00fcrich unter der Leitung des Missionschefs Vigan Berisha organisiert und von der albanischen Gemeinschaft in der Schweiz als eine f\u00fcr die Bewahrung des historischen Ged\u00e4chtnisses besonders wichtige Initiative hoch gelobt.<\/p>\n<p>In einer Zeit, in der das Vergessen nach wie vor eine reale Gefahr darstellt, ist es unsere gemeinsame Pflicht, diese Zeugnisse zu bewahren und an die j\u00fcngeren Generationen weiterzugeben. Nur durch die Erinnerung l\u00e4sst sich die Vergangenheit verstehen und die Zukunft gestalten.<\/p>\n\n\t\t<\/div>\n\t<\/div>\n<\/div><\/div><\/div><\/div><div class=\"vc_row wpb_row vc_row-fluid\"><div class=\"wpb_column vc_column_container vc_col-sm-12\"><div class=\"vc_column-inner\"><div class=\"wpb_wrapper\"><div id=\"cz_9010\" class=\"cz_grid_p cz_9010\"><div class=\"cz_grid cz_grid_1 clr cz_grid_c4 cz_grid_1_no_title cz_grid_1_mid tac\"><div class=\"cz_grid_item cz_grid_first\"><\/div><div class=\"cz_grid_item\"><div data-title=\"27.04.2026 - Promovimi i Librit, Dr. Salih Krasniqi_2\"><a class=\"cz_grid_link\" href=\"https:\/\/bashkimi.ch\/wp-content\/uploads\/2026\/04\/27.04.2026-Promovimi-i-Librit-Dr.-Salih-Krasniqi_2-scaled.jpeg\" data-xtra-lightbox><img decoding=\"async\" width=\"600\" height=\"600\" src=\"https:\/\/bashkimi.ch\/wp-content\/uploads\/2026\/04\/27.04.2026-Promovimi-i-Librit-Dr.-Salih-Krasniqi_2-600x600.jpeg\" class=\"attachment-codevz_600_600\" alt=\"27 04 2026   Promovimi i Librit, Dr  Salih Krasniqi 2\" title=\"27.04.2026 - Promovimi i Librit, Dr. Salih Krasniqi_2\" srcset=\"https:\/\/bashkimi.ch\/wp-content\/uploads\/2026\/04\/27.04.2026-Promovimi-i-Librit-Dr.-Salih-Krasniqi_2-600x600.jpeg 600w, https:\/\/bashkimi.ch\/wp-content\/uploads\/2026\/04\/27.04.2026-Promovimi-i-Librit-Dr.-Salih-Krasniqi_2-150x150.jpeg 150w\" sizes=\"auto, (max-width: 600px) 100vw, 600px\" loading=\"lazy\" \/><div class=\"cz_grid_details\"><i class=\"fa fa-search cz_grid_icon\"><\/i><\/div><\/a><\/div><\/div><div class=\"cz_grid_item\"><div data-title=\"27.04.2026 - Promovimi i Librit, Dr. Salih Krasniqi_1\"><a class=\"cz_grid_link\" href=\"https:\/\/bashkimi.ch\/wp-content\/uploads\/2026\/04\/27.04.2026-Promovimi-i-Librit-Dr.-Salih-Krasniqi_1-scaled.jpeg\" data-xtra-lightbox><img decoding=\"async\" width=\"600\" height=\"600\" src=\"https:\/\/bashkimi.ch\/wp-content\/uploads\/2026\/04\/27.04.2026-Promovimi-i-Librit-Dr.-Salih-Krasniqi_1-600x600.jpeg\" class=\"attachment-codevz_600_600\" alt=\"27 04 2026   Promovimi i Librit, Dr  Salih Krasniqi 1\" title=\"27.04.2026 - Promovimi i Librit, Dr. Salih Krasniqi_1\" srcset=\"https:\/\/bashkimi.ch\/wp-content\/uploads\/2026\/04\/27.04.2026-Promovimi-i-Librit-Dr.-Salih-Krasniqi_1-600x600.jpeg 600w, https:\/\/bashkimi.ch\/wp-content\/uploads\/2026\/04\/27.04.2026-Promovimi-i-Librit-Dr.-Salih-Krasniqi_1-150x150.jpeg 150w\" sizes=\"auto, (max-width: 600px) 100vw, 600px\" loading=\"lazy\" \/><div class=\"cz_grid_details\"><i class=\"fa fa-search cz_grid_icon\"><\/i><\/div><\/a><\/div><\/div><div class=\"cz_grid_item\"><div data-title=\"27.04.2026 - Promovimi i Librit, Dr. Salih Krasniqi\"><a class=\"cz_grid_link\" href=\"https:\/\/bashkimi.ch\/wp-content\/uploads\/2026\/04\/27.04.2026-Promovimi-i-Librit-Dr.-Salih-Krasniqi-scaled.jpeg\" data-xtra-lightbox><img decoding=\"async\" width=\"600\" height=\"600\" src=\"https:\/\/bashkimi.ch\/wp-content\/uploads\/2026\/04\/27.04.2026-Promovimi-i-Librit-Dr.-Salih-Krasniqi-600x600.jpeg\" class=\"attachment-codevz_600_600\" alt=\"27 04 2026   Promovimi i Librit, Dr  Salih Krasniqi\" title=\"27.04.2026 - Promovimi i Librit, Dr. Salih Krasniqi\" srcset=\"https:\/\/bashkimi.ch\/wp-content\/uploads\/2026\/04\/27.04.2026-Promovimi-i-Librit-Dr.-Salih-Krasniqi-600x600.jpeg 600w, https:\/\/bashkimi.ch\/wp-content\/uploads\/2026\/04\/27.04.2026-Promovimi-i-Librit-Dr.-Salih-Krasniqi-150x150.jpeg 150w\" sizes=\"auto, (max-width: 600px) 100vw, 600px\" loading=\"lazy\" \/><div class=\"cz_grid_details\"><i class=\"fa fa-search cz_grid_icon\"><\/i><\/div><\/a><\/div><\/div><div class=\"cz_grid_item\"><div data-title=\"27.04.2026 - Promovimi i Librit, Dr. Salih Krasniqi_3\"><a class=\"cz_grid_link\" href=\"https:\/\/bashkimi.ch\/wp-content\/uploads\/2026\/04\/27.04.2026-Promovimi-i-Librit-Dr.-Salih-Krasniqi_3-scaled.jpeg\" data-xtra-lightbox><img decoding=\"async\" width=\"600\" height=\"600\" src=\"https:\/\/bashkimi.ch\/wp-content\/uploads\/2026\/04\/27.04.2026-Promovimi-i-Librit-Dr.-Salih-Krasniqi_3-600x600.jpeg\" class=\"attachment-codevz_600_600\" alt=\"27 04 2026   Promovimi i Librit, Dr  Salih Krasniqi 3\" title=\"27.04.2026 - Promovimi i Librit, Dr. Salih Krasniqi_3\" srcset=\"https:\/\/bashkimi.ch\/wp-content\/uploads\/2026\/04\/27.04.2026-Promovimi-i-Librit-Dr.-Salih-Krasniqi_3-600x600.jpeg 600w, https:\/\/bashkimi.ch\/wp-content\/uploads\/2026\/04\/27.04.2026-Promovimi-i-Librit-Dr.-Salih-Krasniqi_3-150x150.jpeg 150w\" sizes=\"auto, (max-width: 600px) 100vw, 600px\" loading=\"lazy\" \/><div class=\"cz_grid_details\"><i class=\"fa fa-search cz_grid_icon\"><\/i><\/div><\/a><\/div><\/div><div class=\"cz_grid_item\"><div data-title=\"Flyer - Promovimi i Librit, Dr. Salih Krasniqi\"><a class=\"cz_grid_link\" href=\"https:\/\/bashkimi.ch\/wp-content\/uploads\/2026\/04\/Flyer-Promovimi-i-Librit-Dr.-Salih-Krasniqi.jpeg\" data-xtra-lightbox><img decoding=\"async\" width=\"600\" height=\"600\" src=\"https:\/\/bashkimi.ch\/wp-content\/uploads\/2026\/04\/Flyer-Promovimi-i-Librit-Dr.-Salih-Krasniqi-600x600.jpeg\" class=\"attachment-codevz_600_600\" alt=\"Flyer   Promovimi i Librit, Dr  Salih Krasniqi\" title=\"Flyer - Promovimi i Librit, Dr. Salih Krasniqi\" srcset=\"https:\/\/bashkimi.ch\/wp-content\/uploads\/2026\/04\/Flyer-Promovimi-i-Librit-Dr.-Salih-Krasniqi-600x600.jpeg 600w, https:\/\/bashkimi.ch\/wp-content\/uploads\/2026\/04\/Flyer-Promovimi-i-Librit-Dr.-Salih-Krasniqi-150x150.jpeg 150w\" sizes=\"auto, (max-width: 600px) 100vw, 600px\" loading=\"lazy\" \/><div class=\"cz_grid_details\"><i class=\"fa fa-search cz_grid_icon\"><\/i><\/div><\/a><\/div><\/div><\/div><\/div><\/div><\/div><\/div><\/div>\n<\/div>","protected":false},"excerpt":{"rendered":"D\u00ebshmia q\u00eb nuk duhet t\u00eb harrohet: Promovohet n\u00eb Z\u00fcrich libri i Dr. Salih Krasniqit Z\u00fcrich, 27 prill 2026 N\u00eb Konsullat\u00ebn e Republik\u00ebs s\u00eb Kosov\u00ebs n\u00eb","protected":false},"author":3,"featured_media":3943,"comment_status":"open","ping_status":"closed","sticky":false,"template":"","format":"standard","meta":{"footnotes":""},"categories":[76],"tags":[],"class_list":["post-3941","post","type-post","status-publish","format-standard","has-post-thumbnail","hentry","category-aktivitetet"],"_links":{"self":[{"href":"https:\/\/bashkimi.ch\/de\/wp-json\/wp\/v2\/posts\/3941","targetHints":{"allow":["GET"]}}],"collection":[{"href":"https:\/\/bashkimi.ch\/de\/wp-json\/wp\/v2\/posts"}],"about":[{"href":"https:\/\/bashkimi.ch\/de\/wp-json\/wp\/v2\/types\/post"}],"author":[{"embeddable":true,"href":"https:\/\/bashkimi.ch\/de\/wp-json\/wp\/v2\/users\/3"}],"replies":[{"embeddable":true,"href":"https:\/\/bashkimi.ch\/de\/wp-json\/wp\/v2\/comments?post=3941"}],"version-history":[{"count":2,"href":"https:\/\/bashkimi.ch\/de\/wp-json\/wp\/v2\/posts\/3941\/revisions"}],"predecessor-version":[{"id":3949,"href":"https:\/\/bashkimi.ch\/de\/wp-json\/wp\/v2\/posts\/3941\/revisions\/3949"}],"wp:featuredmedia":[{"embeddable":true,"href":"https:\/\/bashkimi.ch\/de\/wp-json\/wp\/v2\/media\/3943"}],"wp:attachment":[{"href":"https:\/\/bashkimi.ch\/de\/wp-json\/wp\/v2\/media?parent=3941"}],"wp:term":[{"taxonomy":"category","embeddable":true,"href":"https:\/\/bashkimi.ch\/de\/wp-json\/wp\/v2\/categories?post=3941"},{"taxonomy":"post_tag","embeddable":true,"href":"https:\/\/bashkimi.ch\/de\/wp-json\/wp\/v2\/tags?post=3941"}],"curies":[{"name":"wp","href":"https:\/\/api.w.org\/{rel}","templated":true}]}}